{"id":5810,"date":"2018-04-08T15:15:09","date_gmt":"2018-04-08T14:15:09","guid":{"rendered":"http:\/\/www.julia-emde.de\/inside\/weblog\/?p=5810"},"modified":"2019-04-08T21:45:21","modified_gmt":"2019-04-08T20:45:21","slug":"sarah-bosetti-ich-bin-sehr-huebsch-das-sieht-man-nur-nicht-so","status":"publish","type":"post","link":"https:\/\/www.julia-emde.de\/inside\/weblog\/2018\/04\/08\/sarah-bosetti-ich-bin-sehr-huebsch-das-sieht-man-nur-nicht-so\/","title":{"rendered":"Sarah Bosetti &#8211; Ich bin sehr h\u00fcbsch, das sieht man nur nicht so"},"content":{"rendered":"<p>Nachdem ich bereits &#8220;<a href=\"https:\/\/www.julia-emde.de\/inside\/weblog\/2015\/12\/31\/sarah-bosetti-mein-schoenstes-ferienbegraebnis\/\">Mein sch\u00f6nstes Ferienbegr\u00e4bnis<\/a>&#8221; und &#8220;<a href=\"https:\/\/www.julia-emde.de\/inside\/weblog\/2017\/06\/12\/sarah-bosetti-wenn-ich-eine-frau-waere\/\">Wenn ich eine Frau w\u00e4re<\/a>&#8221; von Sarah Bosetti verschlungen habe, freute ich mich sehr, als ich im letzten Herbst mitbekam, dass sie ein weiteres Buch ver\u00f6ffentlicht hatte: &#8220;Ich bin sehr h\u00fcbsch, das sieht man nur nicht so&#8221;.<\/p>\n<figure id=\"attachment_5811\" aria-describedby=\"caption-attachment-5811\" style=\"width: 450px\" class=\"wp-caption aligncenter\"><a href=\"https:\/\/www.julia-emde.de\/inside\/weblog\/2018\/04\/08\/sarah-bosetti-ich-bin-sehr-huebsch-das-sieht-man-nur-nicht-so\/ich_bin_sehr_huebsch_sarah_bosetti\/\" rel=\"attachment wp-att-5811\"><img loading=\"lazy\" decoding=\"async\" class=\"wp-image-5811 size-large\" src=\"https:\/\/www.julia-emde.de\/inside\/weblog\/wp-content\/uploads\/2018\/04\/Ich_bin_sehr_huebsch_Sarah_Bosetti-e1523196766847-768x1024.jpg\" alt=\"\" width=\"450\" height=\"600\" srcset=\"https:\/\/www.julia-emde.de\/inside\/weblog\/wp-content\/uploads\/2018\/04\/Ich_bin_sehr_huebsch_Sarah_Bosetti-e1523196766847-768x1024.jpg 768w, https:\/\/www.julia-emde.de\/inside\/weblog\/wp-content\/uploads\/2018\/04\/Ich_bin_sehr_huebsch_Sarah_Bosetti-e1523196766847-225x300.jpg 225w, https:\/\/www.julia-emde.de\/inside\/weblog\/wp-content\/uploads\/2018\/04\/Ich_bin_sehr_huebsch_Sarah_Bosetti-e1523196766847.jpg 1512w\" sizes=\"auto, (max-width: 450px) 100vw, 450px\" \/><\/a><figcaption id=\"caption-attachment-5811\" class=\"wp-caption-text\">Sarah Bosetti &#8211; Ich bin sehr h\u00fcbsch, das sieht man nur nicht so<\/figcaption><\/figure>\n<p>Inhalt:<\/p>\n<blockquote><p>Niemand mag es, doch wir alle tun es: scheitern. An uns selbst, aneinander, an der Welt und nat\u00fcrlich an unseren Anspr\u00fcchen. Dabei ist es doch ganz einfach: Wenn man mal wieder das Mittelma\u00df trifft, einfach freundlich gr\u00fc\u00dfen! In diesem Buch lotet Sarah Bosetti auf einer Silvesterparty \u2013 der Nacht der gescheiterten Existenzen \u2013 die vielen M\u00f6glichkeiten aus, sich zwischen Erfolg und Misserfolg genussvoll einzunisten. Sie erz\u00e4hlt von Menschen, die Schauspieler werden, weil sie es als Kellner einfach nicht geschafft haben, vom Versuch, mit Schwimmfl\u00fcgeln an den F\u00fc\u00dfen \u00fcber Wasser zu gehen, und von der Einsicht, dass wir alle Gollum sind, wenn man uns neben Scarlett Johansson stellt. Ehrlich, selbstironisch und sehr witzig!<\/p><\/blockquote>\n<p>Fazit:<br \/>\nDie Beschreibung der Silvesterparty, zu der die Protagonistin ausschlie\u00dflich fremde Personen eingeladen hat, nachdem sie ihre Freunde vor ein paar Tagen durch einen Un- bzw. Vorfall mit einem Kaninchen &#8220;verloren&#8221; hat, ist \u00e4u\u00dferst skurril und durchsetzt mit schreiend komischen Gedanken zum Thema Scheitern.<\/p>\n<p>Nachdem mir ihr erstes Buch &#8220;Wenn ich eine Frau w\u00e4re&#8221; nicht so gut gefallen hat und ich von &#8220;Mein sch\u00f6nstes Ferienbegr\u00e4bnis begeistert war &#8211; hat mir &#8220;Ich bin sehr sch\u00f6n, das sieht man nur nicht so&#8221; mit seinen klugen, oft schon fast philosophisch wirkenden Wahrheiten, die immer auch eine Spur Geh\u00e4ssigkeit enthielten, wieder sehr gut gefallen. Von mir gibt es deshalb eine Leseempfehlung.<\/p>\n","protected":false},"excerpt":{"rendered":"<p>Nachdem ich bereits &#8220;Mein sch\u00f6nstes Ferienbegr\u00e4bnis&#8221; und &#8220;Wenn ich eine Frau w\u00e4re&#8221; von Sarah Bosetti verschlungen habe, freute ich mich sehr, als ich im letzten Herbst mitbekam, dass sie ein weiteres Buch ver\u00f6ffentlicht hatte: &#8220;Ich bin sehr h\u00fcbsch, das sieht man nur nicht so&#8221;. Inhalt: Niemand mag es, doch wir alle tun es: scheitern. An [&hellip;]<\/p>\n","protected":false},"author":1,"featured_media":0,"comment_status":"open","ping_status":"open","sticky":false,"template":"","format":"standard","meta":{"footnotes":""},"categories":[20],"tags":[2535,897,267,2534,2499,2538,2539,2536,2537],"class_list":["post-5810","post","type-post","status-publish","format-standard","hentry","category-rezension","tag-autorin","tag-berlin","tag-buch","tag-ich-bin-sehr-huebsch","tag-sarah-bosetti","tag-scheitern","tag-scheitern-lernen","tag-silvesternacht","tag-silvesterparty"],"_links":{"self":[{"href":"https:\/\/www.julia-emde.de\/inside\/weblog\/wp-json\/wp\/v2\/posts\/5810","targetHints":{"allow":["GET"]}}],"collection":[{"href":"https:\/\/www.julia-emde.de\/inside\/weblog\/wp-json\/wp\/v2\/posts"}],"about":[{"href":"https:\/\/www.julia-emde.de\/inside\/weblog\/wp-json\/wp\/v2\/types\/post"}],"author":[{"embeddable":true,"href":"https:\/\/www.julia-emde.de\/inside\/weblog\/wp-json\/wp\/v2\/users\/1"}],"replies":[{"embeddable":true,"href":"https:\/\/www.julia-emde.de\/inside\/weblog\/wp-json\/wp\/v2\/comments?post=5810"}],"version-history":[{"count":3,"href":"https:\/\/www.julia-emde.de\/inside\/weblog\/wp-json\/wp\/v2\/posts\/5810\/revisions"}],"predecessor-version":[{"id":5837,"href":"https:\/\/www.julia-emde.de\/inside\/weblog\/wp-json\/wp\/v2\/posts\/5810\/revisions\/5837"}],"wp:attachment":[{"href":"https:\/\/www.julia-emde.de\/inside\/weblog\/wp-json\/wp\/v2\/media?parent=5810"}],"wp:term":[{"taxonomy":"category","embeddable":true,"href":"https:\/\/www.julia-emde.de\/inside\/weblog\/wp-json\/wp\/v2\/categories?post=5810"},{"taxonomy":"post_tag","embeddable":true,"href":"https:\/\/www.julia-emde.de\/inside\/weblog\/wp-json\/wp\/v2\/tags?post=5810"}],"curies":[{"name":"wp","href":"https:\/\/api.w.org\/{rel}","templated":true}]}}