{"id":5761,"date":"2017-06-12T19:54:03","date_gmt":"2017-06-12T18:54:03","guid":{"rendered":"http:\/\/www.julia-emde.de\/inside\/weblog\/?p=5761"},"modified":"2019-04-08T21:45:21","modified_gmt":"2019-04-08T20:45:21","slug":"sarah-bosetti-wenn-ich-eine-frau-waere","status":"publish","type":"post","link":"https:\/\/www.julia-emde.de\/inside\/weblog\/2017\/06\/12\/sarah-bosetti-wenn-ich-eine-frau-waere\/","title":{"rendered":"Sarah Bosetti  &#8211; Wenn ich eine Frau w\u00e4re"},"content":{"rendered":"<p>Nachdem ich bereits vor 1 1\/2 Jahren Sarah Bosettis &#8220;<a href=\"https:\/\/www.julia-emde.de\/inside\/weblog\/2015\/12\/31\/sarah-bosetti-mein-schoenstes-ferienbegraebnis\/\" target=\"_blank\" rel=\"noopener noreferrer\">Mein sch\u00f6nstes Ferienbegr\u00e4bnis<\/a>&#8221; gelesen habe, habe ich mir gestern ihr Erstlingswerk &#8220;Wenn ich eine Frau w\u00e4re&#8221; zu Gem\u00fcte gef\u00fchrt.<\/p>\n<p>Zum Buch:<\/p>\n<blockquote><p>Nein, in diesem Buch geht es nicht um jene vielbesungenen kleinen Unterschiede zwischen M\u00e4nnern und Frauen.<\/p>\n<p>&#8220;Wenn ich eine Frau w\u00e4re&#8221; ist eine bissig-absurde Gro\u00dfstadtgeschichte, prall gef\u00fcllt mit Klosch\u00fcsselromantik und Selbstironie. Schnell, witzig und im Kern bitterb\u00f6se. Also doch ein bisschen wie eine Frau.<\/p>\n<p>Sarah Bosetti erz\u00e4hlt von Michelinweibchen, von den Dorf\u00e4ltesten Berlins und vom Haupthaar verweichlichter Gro\u00dfstadtbewohner. Und nicht zuletzt von Ulf, der alles hat, was ein guter Mann braucht: \u00fcberbordende Kreativit\u00e4t, bedingungslose Hingabe und einunddrei\u00dfig Brusthaare.<\/p><\/blockquote>\n<figure id=\"attachment_5762\" aria-describedby=\"caption-attachment-5762\" style=\"width: 450px\" class=\"wp-caption aligncenter\"><a href=\"https:\/\/www.julia-emde.de\/inside\/weblog\/2017\/06\/12\/sarah-bosetti-wenn-ich-eine-frau-waere\/sarah_bosetti-wenn-ich-eine-frau-waere\/\" rel=\"attachment wp-att-5762\"><img loading=\"lazy\" decoding=\"async\" class=\"size-large wp-image-5762\" src=\"https:\/\/www.julia-emde.de\/inside\/weblog\/wp-content\/uploads\/2017\/06\/Sarah_Bosetti-Wenn-ich-eine-Frau-waere-e1497293592734-768x1024.jpg\" alt=\"\" width=\"450\" height=\"600\" srcset=\"https:\/\/www.julia-emde.de\/inside\/weblog\/wp-content\/uploads\/2017\/06\/Sarah_Bosetti-Wenn-ich-eine-Frau-waere-e1497293592734-768x1024.jpg 768w, https:\/\/www.julia-emde.de\/inside\/weblog\/wp-content\/uploads\/2017\/06\/Sarah_Bosetti-Wenn-ich-eine-Frau-waere-e1497293592734-225x300.jpg 225w, https:\/\/www.julia-emde.de\/inside\/weblog\/wp-content\/uploads\/2017\/06\/Sarah_Bosetti-Wenn-ich-eine-Frau-waere-e1497293592734.jpg 1224w\" sizes=\"auto, (max-width: 450px) 100vw, 450px\" \/><\/a><figcaption id=\"caption-attachment-5762\" class=\"wp-caption-text\">Sarah Bosetti &#8211; Wenn ich eine Frau w\u00e4re<\/figcaption><\/figure>\n<p>Das Buch vereint locker aneinander gereihte Episoden aus dem Leben der beiden Protagonisten &#8211; Sarah und Ulf. Die Kurzgeschichten sind z.T. urkomisch.<\/p>\n<p>Fazit: Auf der Suche nach leichter Unterhaltung macht man mit diesem Buch nichts falsch. Aber &#8211; es ist bei weitem nicht so gut wie &#8220;Mein sch\u00f6nstes Ferienbegr\u00e4bnis&#8221;.<\/p>\n<p>&nbsp;<\/p>\n","protected":false},"excerpt":{"rendered":"<p>Nachdem ich bereits vor 1 1\/2 Jahren Sarah Bosettis &#8220;Mein sch\u00f6nstes Ferienbegr\u00e4bnis&#8221; gelesen habe, habe ich mir gestern ihr Erstlingswerk &#8220;Wenn ich eine Frau w\u00e4re&#8221; zu Gem\u00fcte gef\u00fchrt. Zum Buch: Nein, in diesem Buch geht es nicht um jene vielbesungenen kleinen Unterschiede zwischen M\u00e4nnern und Frauen. &#8220;Wenn ich eine Frau w\u00e4re&#8221; ist eine bissig-absurde Gro\u00dfstadtgeschichte, [&hellip;]<\/p>\n","protected":false},"author":1,"featured_media":0,"comment_status":"open","ping_status":"open","sticky":false,"template":"","format":"standard","meta":{"footnotes":""},"categories":[20],"tags":[2501,683,2270,2499,2500],"class_list":["post-5761","post","type-post","status-publish","format-standard","hentry","category-rezension","tag-episoden","tag-kurzgeschichten","tag-mein-schoenstes-ferienbegraebnis","tag-sarah-bosetti","tag-wenn-ich-eine-frau-waere"],"_links":{"self":[{"href":"https:\/\/www.julia-emde.de\/inside\/weblog\/wp-json\/wp\/v2\/posts\/5761","targetHints":{"allow":["GET"]}}],"collection":[{"href":"https:\/\/www.julia-emde.de\/inside\/weblog\/wp-json\/wp\/v2\/posts"}],"about":[{"href":"https:\/\/www.julia-emde.de\/inside\/weblog\/wp-json\/wp\/v2\/types\/post"}],"author":[{"embeddable":true,"href":"https:\/\/www.julia-emde.de\/inside\/weblog\/wp-json\/wp\/v2\/users\/1"}],"replies":[{"embeddable":true,"href":"https:\/\/www.julia-emde.de\/inside\/weblog\/wp-json\/wp\/v2\/comments?post=5761"}],"version-history":[{"count":2,"href":"https:\/\/www.julia-emde.de\/inside\/weblog\/wp-json\/wp\/v2\/posts\/5761\/revisions"}],"predecessor-version":[{"id":5764,"href":"https:\/\/www.julia-emde.de\/inside\/weblog\/wp-json\/wp\/v2\/posts\/5761\/revisions\/5764"}],"wp:attachment":[{"href":"https:\/\/www.julia-emde.de\/inside\/weblog\/wp-json\/wp\/v2\/media?parent=5761"}],"wp:term":[{"taxonomy":"category","embeddable":true,"href":"https:\/\/www.julia-emde.de\/inside\/weblog\/wp-json\/wp\/v2\/categories?post=5761"},{"taxonomy":"post_tag","embeddable":true,"href":"https:\/\/www.julia-emde.de\/inside\/weblog\/wp-json\/wp\/v2\/tags?post=5761"}],"curies":[{"name":"wp","href":"https:\/\/api.w.org\/{rel}","templated":true}]}}