{"id":5517,"date":"2016-01-01T18:33:42","date_gmt":"2016-01-01T17:33:42","guid":{"rendered":"http:\/\/www.julia-emde.de\/inside\/weblog\/?p=5517"},"modified":"2016-01-01T18:33:42","modified_gmt":"2016-01-01T17:33:42","slug":"mein-jahreswechsel-und-der-neujahrstag","status":"publish","type":"post","link":"https:\/\/www.julia-emde.de\/inside\/weblog\/2016\/01\/01\/mein-jahreswechsel-und-der-neujahrstag\/","title":{"rendered":"Mein Jahreswechsel und der Neujahrstag"},"content":{"rendered":"<p>Den gestrigen Abend habe ich, wie schon die Jahreswechsel 2013\/2014 und 2014\/2015, zuhause verbracht. Gestern war ich allerdings nicht allein zuhause, sondern mit meinem Freund und meinen Katzenkindern. Nachdem der Liebste und ich uns gef\u00fcllte Paprika zubereitet haben, schauten wir w\u00e4hrend des Verzehrs, gemeinsam mit meinem Mitbewohner, einen Film. Nach dem Film war noch eine 3\/4 Stunde Zeit bis Mitternacht. Da in dieser Zeit drau\u00dfen schon jede Menge Feuerwerksraketen gez\u00fcndet wurden, liefen meine Katzenkinder \u00e4ngstlich, nerv\u00f6s und orientierungslos wirkend, mit schwitzigen Pfoten, in der Wohnung umher. Selbst gutes Zureden und Streicheleinheiten konnten die beiden nicht beruhigen. Als der L\u00e4rm um Mitternacht zu einer tosenden Lautst\u00e4rke anstieg, versteckten sich P\u00fcnktchen und Anton unter meinem Bett. Mir tat es weh zu sehen, dass ihnen der L\u00e4rm so zusetzte und ich sie nicht beruhigen konnte. :(<\/p>\n<p>Heute haben wir vier dann erstmal ausgeschlafen. Anschlie\u00dfend gab es f\u00fcr alle Fr\u00fchst\u00fcck. W\u00e4hrend meine Katzenkinder sich nach dem Fr\u00fchst\u00fcck wieder zum Schlafen hinlegten, machten mein Freund und ich einen Neujahrs-Spaziergang.<\/p>\n<p>&nbsp;<\/p>\n","protected":false},"excerpt":{"rendered":"<p>Den gestrigen Abend habe ich, wie schon die Jahreswechsel 2013\/2014 und 2014\/2015, zuhause verbracht. Gestern war ich allerdings nicht allein zuhause, sondern mit meinem Freund und meinen Katzenkindern. Nachdem der Liebste und ich uns gef\u00fcllte Paprika zubereitet haben, schauten wir w\u00e4hrend des Verzehrs, gemeinsam mit meinem Mitbewohner, einen Film. Nach dem Film war noch eine [&hellip;]<\/p>\n","protected":false},"author":1,"featured_media":0,"comment_status":"open","ping_status":"open","sticky":false,"template":"","format":"standard","meta":{"footnotes":""},"categories":[249],"tags":[2138,77,2281,407,561,2280,939,1398,2130,2283,620,1963,2282,2279,1134],"class_list":["post-5517","post","type-post","status-publish","format-standard","hentry","category-all-days-all-ways","tag-anton","tag-essen","tag-feuerwerk","tag-film","tag-freund","tag-gefuellte-paprika","tag-gemutlich","tag-jahreswechsel","tag-katzenkinder","tag-liebster","tag-mitbewohner","tag-puenktchen","tag-raketen","tag-silvester","tag-spaziergang"],"_links":{"self":[{"href":"https:\/\/www.julia-emde.de\/inside\/weblog\/wp-json\/wp\/v2\/posts\/5517","targetHints":{"allow":["GET"]}}],"collection":[{"href":"https:\/\/www.julia-emde.de\/inside\/weblog\/wp-json\/wp\/v2\/posts"}],"about":[{"href":"https:\/\/www.julia-emde.de\/inside\/weblog\/wp-json\/wp\/v2\/types\/post"}],"author":[{"embeddable":true,"href":"https:\/\/www.julia-emde.de\/inside\/weblog\/wp-json\/wp\/v2\/users\/1"}],"replies":[{"embeddable":true,"href":"https:\/\/www.julia-emde.de\/inside\/weblog\/wp-json\/wp\/v2\/comments?post=5517"}],"version-history":[{"count":1,"href":"https:\/\/www.julia-emde.de\/inside\/weblog\/wp-json\/wp\/v2\/posts\/5517\/revisions"}],"predecessor-version":[{"id":5518,"href":"https:\/\/www.julia-emde.de\/inside\/weblog\/wp-json\/wp\/v2\/posts\/5517\/revisions\/5518"}],"wp:attachment":[{"href":"https:\/\/www.julia-emde.de\/inside\/weblog\/wp-json\/wp\/v2\/media?parent=5517"}],"wp:term":[{"taxonomy":"category","embeddable":true,"href":"https:\/\/www.julia-emde.de\/inside\/weblog\/wp-json\/wp\/v2\/categories?post=5517"},{"taxonomy":"post_tag","embeddable":true,"href":"https:\/\/www.julia-emde.de\/inside\/weblog\/wp-json\/wp\/v2\/tags?post=5517"}],"curies":[{"name":"wp","href":"https:\/\/api.w.org\/{rel}","templated":true}]}}