{"id":4075,"date":"2014-08-15T09:10:14","date_gmt":"2014-08-15T08:10:14","guid":{"rendered":"http:\/\/www.julia-emde.de\/inside\/weblog\/?p=4075"},"modified":"2014-08-15T13:36:42","modified_gmt":"2014-08-15T12:36:42","slug":"renate-bergmann-ich-bin-nicht-suess-ich-hab-bloss-zucker-2","status":"publish","type":"post","link":"https:\/\/www.julia-emde.de\/inside\/weblog\/2014\/08\/15\/renate-bergmann-ich-bin-nicht-suess-ich-hab-bloss-zucker-2\/","title":{"rendered":"Renate Bergmann &#8211; Ich bin nicht s\u00fc\u00df, ich hab blo\u00df Zucker"},"content":{"rendered":"<blockquote><p>&#8220;Ich bin nicht s\u00fc\u00df, ich hab blo\u00df Zucker, Eine Online-Omi sagt, wie es ist.&#8221;<\/p><\/blockquote>\n<p>Ja &#8211; das tut sie wirklich, die gute <a href=\"https:\/\/twitter.com\/RenateBergmann\" target=\"_blank\">Frau Bergmann<\/a>. Was sollte sie auch anderes tun, wo sie doch von quasi beinahe allem Ahnung und zu allem eine Meinung hat.<\/p>\n<blockquote><p>Zur Geschichte:\u00a0Renate Bergmann, geb. Strelemann, wohnhaft in Berlin. Tr\u00fcmmerfrau, Reichsbahnerin, Haushaltsprofi und vierfach verwitwet: Seit Anfang 2013 erobert sie Twitter mit ihren absolut treffsicheren An- und Einsichten &#8211; und mit diesem Buch jetzt die ganze analoge Welt.<\/p><\/blockquote>\n<p>Renate Bergmann, geborene Strelemann ist viermalige Witwe, lebt in Berlin und ist 82.Wenn sie die Gr\u00e4ber ihrer verstorbenen M\u00e4nner gie\u00dfen muss, dauert das einen halben Tag, da die Gr\u00e4ber \u00fcber diverse Friedh\u00f6fe Berlins verteilt sind. Haare k\u00e4mmen nennt Renate es, wenn sie die Gr\u00e4ber harkt und anschlie\u00dfend mit ihrer Freundin Ilse, ebenfalls 82 und ihrem Mann Kurt (87) auf Schn\u00e4ppchenjagd geht. Kurt sieht zwar nicht mehr gut und geht permanent\u00a0verloren, aber bisher sind sie mit seinem &#8220;Koyota&#8221;\u00a0noch fast \u00fcberall hingekommen.<\/p>\n<p>Mit Renate, Ilse und Kurt zu McDonald zu gehen, verursacht schon Bauchschmerzen vom Lachen , aber immer noch besser , als sich das Lachen zu verbei\u00dfen, weil Kurt und Ilse schon wieder das Gebi\u00df vertauscht haben und Renate sich nicht anmerken lassen darf, dass Kurt Lippenstift an den Z\u00e4hnen hat.<\/p>\n<p>Herrlich kurzweilig ist dieses Buch und man folgt dem Leben der Senioren mehr als gerne und bekommt Einsicht in die Weltanschauung der drei quietschfidelen Rentner.<\/p>\n<p>Torsten Rohde, der Autor dieses Buches, hat leicht \u00fcberspitzt die Omis und alten Tanten dieser Welt, die wir alle kennen, von denen wir manchmal genervt sind, die wir aber doch alle irgendwie lieben, weil sie immer etwas zu erz\u00e4hlen haben, in seinem fiktiven Charakter Renate Bergmann vereint.<\/p>\n<p>Das Buch ist saukomisch, tierisch witzig und sehr kurzweilig zu lesen. Aber Vorsicht beim Lesen in der \u00d6ffentlichkeit : da gucken die Leute dann doch\u00a0komisch wenn man sich einen ablacht<\/p>\n","protected":false},"excerpt":{"rendered":"<p>&#8220;Ich bin nicht s\u00fc\u00df, ich hab blo\u00df Zucker, Eine Online-Omi sagt, wie es ist.&#8221; Ja &#8211; das tut sie wirklich, die gute Frau Bergmann. Was sollte sie auch anderes tun, wo sie doch von quasi beinahe allem Ahnung und zu allem eine Meinung hat. Zur Geschichte:\u00a0Renate Bergmann, geb. Strelemann, wohnhaft in Berlin. Tr\u00fcmmerfrau, Reichsbahnerin, Haushaltsprofi [&hellip;]<\/p>\n","protected":false},"author":1,"featured_media":0,"comment_status":"open","ping_status":"open","sticky":false,"template":"","format":"standard","meta":{"footnotes":""},"categories":[20],"tags":[1185,1180,1181,1187,1186,1182,1183,1188],"class_list":["post-4075","post","type-post","status-publish","format-standard","hentry","category-rezension","tag-amuesant","tag-ich-bin-nicht-suess","tag-ich-hab-bloss-zucker","tag-komisch","tag-kurzweilig","tag-online-omi","tag-renate-bergmann","tag-torsten-rohde"],"_links":{"self":[{"href":"https:\/\/www.julia-emde.de\/inside\/weblog\/wp-json\/wp\/v2\/posts\/4075","targetHints":{"allow":["GET"]}}],"collection":[{"href":"https:\/\/www.julia-emde.de\/inside\/weblog\/wp-json\/wp\/v2\/posts"}],"about":[{"href":"https:\/\/www.julia-emde.de\/inside\/weblog\/wp-json\/wp\/v2\/types\/post"}],"author":[{"embeddable":true,"href":"https:\/\/www.julia-emde.de\/inside\/weblog\/wp-json\/wp\/v2\/users\/1"}],"replies":[{"embeddable":true,"href":"https:\/\/www.julia-emde.de\/inside\/weblog\/wp-json\/wp\/v2\/comments?post=4075"}],"version-history":[{"count":4,"href":"https:\/\/www.julia-emde.de\/inside\/weblog\/wp-json\/wp\/v2\/posts\/4075\/revisions"}],"predecessor-version":[{"id":4079,"href":"https:\/\/www.julia-emde.de\/inside\/weblog\/wp-json\/wp\/v2\/posts\/4075\/revisions\/4079"}],"wp:attachment":[{"href":"https:\/\/www.julia-emde.de\/inside\/weblog\/wp-json\/wp\/v2\/media?parent=4075"}],"wp:term":[{"taxonomy":"category","embeddable":true,"href":"https:\/\/www.julia-emde.de\/inside\/weblog\/wp-json\/wp\/v2\/categories?post=4075"},{"taxonomy":"post_tag","embeddable":true,"href":"https:\/\/www.julia-emde.de\/inside\/weblog\/wp-json\/wp\/v2\/tags?post=4075"}],"curies":[{"name":"wp","href":"https:\/\/api.w.org\/{rel}","templated":true}]}}