{"id":1264,"date":"2008-11-27T13:12:34","date_gmt":"2008-11-27T11:12:34","guid":{"rendered":"http:\/\/www.julia-emde.de\/inside\/weblog\/?p=1264"},"modified":"2008-11-27T13:12:34","modified_gmt":"2008-11-27T11:12:34","slug":"barcamp-hamburg-2008-nachlese-part-i","status":"publish","type":"post","link":"https:\/\/www.julia-emde.de\/inside\/weblog\/2008\/11\/27\/barcamp-hamburg-2008-nachlese-part-i\/","title":{"rendered":"Barcamp Hamburg 2008 &#8211; Nachlese part I"},"content":{"rendered":"<p style=\"text-align: center;\"><strong>Die Anreise<\/strong><\/p>\n<p>Da ich mich f\u00fcr die bereits am Freitag stattfindende Warm-Up Party im <a title=\"SIDE\" href=\"http:\/\/www.side-hamburg.de\/\" target=\"_blank\">SIDE<\/a>-Hotel eingetragen hatte, startete ich meine Reise zum Barcamp nat\u00fcrlich auch schon am Freitag. Urspr\u00fcnglich war geplant den Zug um 16:38 Uhr Richtung Hannover zu besteigen. Da allerdings schon am Donnerstag &#8220;schlechtes Wetter&#8221; vorhergesagt wurde, entschied ich mich lieber schon eine Stunde vorher in Bielefeld aufzubrechen. 15:37 Uhr war nun die angepeilte Abfahrtszeit. Am Bahnhof angekommen, bemerkte ich, dass allein der 14:38 Uhr Zug schon achtundsechzig (68) Minuten Versp\u00e4tung hatte. Also, beschleunigte ich meinen Ticketkauf und hastete noch schnell zu Gleis 2, an dem gleich der Zug Richtung Berlin via Hannover eintreffen sollte. Einige Minuten sp\u00e4ter war es so weit. Da ich die Hoffnung noch nicht aufgegeben hatte in Hannover noch meinen Anschlusszug nach Hamburg zu erreichen, stieg ich kurzerhand in der 1. Klasse ein und fragte die Schaffnerin, ob ich im Eingangs-\/T\u00fcrbereich stehen bleiben d\u00fcrfte. Durfte ich aber nicht, wor\u00fcber ich dann kurze Zeit auch <a title=\"sehr emp\u00f6rt\" href=\"http:\/\/twitter.com\/zauberfrau\/status\/1016596605\" target=\"_blank\">sehr emp\u00f6rt <\/a>war. Nat\u00fcrlich erreichte ich meinen Anschlusszug in Hannover nicht, was aber nicht schlimm war, weil ich die Wartezeit mit Kaffee und <a title=\"abotis\" href=\"ttp:\/\/twitter.com\/abotis\" target=\"_blank\">abotis<\/a> verbrachte, der extra in Hannover auf mich gewartet hat. Leider hab ich daf\u00fcr <a title=\"Miezhaus\" href=\"http:\/\/twitter.com\/Miezhaus\" target=\"_blank\">Miezhaus<\/a> versetzt, der schon in dem Zug sa\u00df, in den ich eigentlich einsteigen wollte (15:37 Uhr), der aber auch schon 50 Minuten Versp\u00e4tung hatte. Sorry, nochmal deswegen! Schlie\u00dflich kamen wir um 18:42 Uhr endlich in HH an, was allerdings kein so gro\u00dfer Vorteil f\u00fcr mich war, da ich noch bis 19:30 Uhr auf den <a title=\"spreetaucher\" href=\"http:\/\/twitter.com\/spreetaucher\" target=\"_blank\">spreetaucher <\/a>warten musste, der sich um unsere \u00dcbernachtungsm\u00f6glichkeit gek\u00fcmmert hatte. Danke.<\/p>\n<p style=\"text-align: center;\"><strong>Die Warm-Up Party<\/strong><\/p>\n<p>Die Warm-Up Party im <a title=\"SIDE\" href=\"http:\/\/www.side-hamburg.de\/\" target=\"_blank\">SIDE<\/a>-Hotel war wirklich eine sehr &#8220;stylische&#8221; Veranstaltung, auch wenn es nat\u00fcrlich sehr schade war, dass die Teilnehmerzahl auf 150 beschr\u00e4nkt worden war. Die Location und das gesamte Ambiente war ziemlich chic. Im 8. Stock gelegen, mit Blick durch das Treppenhaus bis ins Foyer, machte die Location in der immer h\u00f6chst aufmerksam vom Personal Getr\u00e4nke und eine gro\u00dfe Auswahl an &#8220;Fingerfood&#8221; gereicht wurde einen sehr guten Eindruck. Auch die Terrasse mit den &#8220;W\u00e4rmpilzen&#8221; bot zwar keinen bemerkenswerten Ausblick, zumindest nicht im Dunklen, aber war irgendwie schon etwas Besonderes. Neben den \u00fcblichen Verd\u00e4chtigen (mir bekannte Gesichter vom <a title=\"bcberlin3\" href=\"https:\/\/www.julia-emde.de\/inside\/weblog\/2008\/10\/25\/eins-zwei-drei-4-bcberlin3\/\" target=\"_blank\">bcberlin3<\/a>) waren auch jede Menge neue Leute anwesend. Also eine sch\u00f6ne Mischung. Zwar war angek\u00fcndigt worden, dass aus R\u00fccksicht auf die anderen Hotelg\u00e4ste die Party nur bis 23 Uhr m\u00f6glich sei&#8230; aber als wir dann um ca. 23:20 Uhr freundlich aber bestimmt aus dem SIDE &#8220;gekehrt&#8221; wurden, hatte das Ganze schon einen &#8220;komischen Beigeschmack&#8221;. Aber: Danke, SIDE-Hotel f\u00fcr die Bereitstellung der Location etc. ;-) . Tr\u00e8s chic!<\/p>\n","protected":false},"excerpt":{"rendered":"<p>Die Anreise Da ich mich f\u00fcr die bereits am Freitag stattfindende Warm-Up Party im SIDE-Hotel eingetragen hatte, startete ich meine Reise zum Barcamp nat\u00fcrlich auch schon am Freitag. Urspr\u00fcnglich war geplant den Zug um 16:38 Uhr Richtung Hannover zu besteigen. Da allerdings schon am Donnerstag &#8220;schlechtes Wetter&#8221; vorhergesagt wurde, entschied ich mich lieber schon eine [&hellip;]<\/p>\n","protected":false},"author":1,"featured_media":0,"comment_status":"open","ping_status":"open","sticky":false,"template":"","format":"standard","meta":{"footnotes":""},"categories":[249],"tags":[],"class_list":["post-1264","post","type-post","status-publish","format-standard","hentry","category-all-days-all-ways"],"_links":{"self":[{"href":"https:\/\/www.julia-emde.de\/inside\/weblog\/wp-json\/wp\/v2\/posts\/1264","targetHints":{"allow":["GET"]}}],"collection":[{"href":"https:\/\/www.julia-emde.de\/inside\/weblog\/wp-json\/wp\/v2\/posts"}],"about":[{"href":"https:\/\/www.julia-emde.de\/inside\/weblog\/wp-json\/wp\/v2\/types\/post"}],"author":[{"embeddable":true,"href":"https:\/\/www.julia-emde.de\/inside\/weblog\/wp-json\/wp\/v2\/users\/1"}],"replies":[{"embeddable":true,"href":"https:\/\/www.julia-emde.de\/inside\/weblog\/wp-json\/wp\/v2\/comments?post=1264"}],"version-history":[{"count":0,"href":"https:\/\/www.julia-emde.de\/inside\/weblog\/wp-json\/wp\/v2\/posts\/1264\/revisions"}],"wp:attachment":[{"href":"https:\/\/www.julia-emde.de\/inside\/weblog\/wp-json\/wp\/v2\/media?parent=1264"}],"wp:term":[{"taxonomy":"category","embeddable":true,"href":"https:\/\/www.julia-emde.de\/inside\/weblog\/wp-json\/wp\/v2\/categories?post=1264"},{"taxonomy":"post_tag","embeddable":true,"href":"https:\/\/www.julia-emde.de\/inside\/weblog\/wp-json\/wp\/v2\/tags?post=1264"}],"curies":[{"name":"wp","href":"https:\/\/api.w.org\/{rel}","templated":true}]}}